{"id":1168,"date":"2020-01-03T13:43:17","date_gmt":"2020-01-03T12:43:17","guid":{"rendered":"http:\/\/naturenkulturen.de\/?p=1168"},"modified":"2024-02-22T14:45:43","modified_gmt":"2024-02-22T13:45:43","slug":"rezension-in-der-zeitschrift-fuer-volkskunde-20192","status":"publish","type":"post","link":"http:\/\/naturenkulturen.de\/en\/rezension-in-der-zeitschrift-fuer-volkskunde-20192\/","title":{"rendered":"Rezension in der Zeitschrift f\u00fcr Volkskunde 2019\/2"},"content":{"rendered":"<blockquote>\n<h3><strong>\u201eMit seinen empirisch dichten Fallstudien, die eine beeindruckende thematische Vielfalt abdecken &#8211; von globalen Gesundheitspolitiken \u00fcber Nahrungsmittelproduktion, Umweltschutz und affektive Mensch-Tier-Beziehungen -, \u00f6ffnet der Sammelband Denkr\u00e4ume f\u00fcr das Verstehen komplexer naturkultureller Ph\u00e4nomene und Praktiken. Er leistet somit einen ausgesprochen wertvollen Beitrag, die Potenziale der Ethnologie und im weiteren SInne der Environmental Humanities zu dr\u00e4ngenden gesellschaftlich-\u00f6kologischen Problemstellungen aufzuzeigen.&#8220;<\/strong><\/h3>\n<\/blockquote>\n<p>Fenske, Michaela; Peselmann, Arnika: \u201eBuchbesprechungen. Friederike Gesing\/Michi Knecht\/Michael Flitner\/Katrin Amelang (Hrsg.) NaturenKulturen. Denkr\u00e4ume und Werkzeuge f\u00fcr neue politische \u00d6kologien. Bielefeld: transcript 2019, 513 S., Abb. ISBN 978-3-8394-4007-0&#8243;, in: Zeitschrift f\u00fcr Volkskunde 2019\/2, S. 314.<\/p>","protected":false},"excerpt":{"rendered":"<p>\u201eMit seinen empirisch dichten Fallstudien, die eine beeindruckende thematische Vielfalt abdecken &#8211; von globalen Gesundheitspolitiken \u00fcber Nahrungsmittelproduktion, Umweltschutz und affektive Mensch-Tier-Beziehungen -, \u00f6ffnet der Sammelband Denkr\u00e4ume f\u00fcr das Verstehen komplexer naturkultureller Ph\u00e4nomene und Praktiken. Er leistet somit einen ausgesprochen wertvollen Beitrag, die Potenziale der Ethnologie und im weiteren SInne der Environmental Humanities zu dr\u00e4ngenden gesellschaftlich-\u00f6kologischen [&hellip;]<\/p>","protected":false},"author":9,"featured_media":0,"comment_status":"closed","ping_status":"open","sticky":false,"template":"","format":"standard","meta":{"footnotes":""},"categories":[57,1,43],"tags":[],"class_list":["post-1168","post","type-post","status-publish","format-standard","hentry","category-57","category-allgemein","category-vergangenes"],"_links":{"self":[{"href":"http:\/\/naturenkulturen.de\/en\/wp-json\/wp\/v2\/posts\/1168","targetHints":{"allow":["GET"]}}],"collection":[{"href":"http:\/\/naturenkulturen.de\/en\/wp-json\/wp\/v2\/posts"}],"about":[{"href":"http:\/\/naturenkulturen.de\/en\/wp-json\/wp\/v2\/types\/post"}],"author":[{"embeddable":true,"href":"http:\/\/naturenkulturen.de\/en\/wp-json\/wp\/v2\/users\/9"}],"replies":[{"embeddable":true,"href":"http:\/\/naturenkulturen.de\/en\/wp-json\/wp\/v2\/comments?post=1168"}],"version-history":[{"count":1,"href":"http:\/\/naturenkulturen.de\/en\/wp-json\/wp\/v2\/posts\/1168\/revisions"}],"predecessor-version":[{"id":1169,"href":"http:\/\/naturenkulturen.de\/en\/wp-json\/wp\/v2\/posts\/1168\/revisions\/1169"}],"wp:attachment":[{"href":"http:\/\/naturenkulturen.de\/en\/wp-json\/wp\/v2\/media?parent=1168"}],"wp:term":[{"taxonomy":"category","embeddable":true,"href":"http:\/\/naturenkulturen.de\/en\/wp-json\/wp\/v2\/categories?post=1168"},{"taxonomy":"post_tag","embeddable":true,"href":"http:\/\/naturenkulturen.de\/en\/wp-json\/wp\/v2\/tags?post=1168"}],"curies":[{"name":"wp","href":"https:\/\/api.w.org\/{rel}","templated":true}]}}