{"id":355,"date":"2015-06-10T08:24:21","date_gmt":"2015-06-10T08:24:21","guid":{"rendered":"http:\/\/naturenkulturen.de\/?p=355"},"modified":"2024-02-22T14:41:37","modified_gmt":"2024-02-22T13:41:37","slug":"call-for-papers-the-politics-of-care","status":"publish","type":"post","link":"http:\/\/naturenkulturen.de\/en\/call-for-papers-the-politics-of-care\/","title":{"rendered":"Call for Papers: The Politics of Care"},"content":{"rendered":"<div class=\"\" style=\"text-align: justify;\">Vom 25. &#8211; 27. Februar 2016 findet am Institut f\u00fcr Volkskunde und Kulturanthropologie der Universit\u00e4t Hamburg die Tagung \u201eThe Politics of Care. Politiken der F\u00fcr-Sorge &#8211; F\u00fcr_Sorge als Politik statt. In Kooperation mit dem Institut f\u00fcr Ethnologie und Kulturwissenschaft der Universit\u00e4t Bremen und der Sektion Frauen- und Geschlechtserforschung der dgv.<\/div>\n<p><!--more--><\/p>\n<div class=\"\" style=\"text-align: justify;\"><\/div>\n<div class=\"\" style=\"text-align: justify;\">Im Zentrum steht ein breiter Begriff von Politik und F\u00fcr_Sorge, der deutlich \u00fcber den Begriff der Reproduktion im Sinne einer Wiederherstellung von Arbeitskraft hinaus weist.<\/div>\n<div class=\"\" style=\"text-align: justify;\"><\/div>\n<p>&nbsp;<\/p>\n<div class=\"\" style=\"text-align: justify;\">Vielmehr nimmt er auf alle Praxen Bezug, welche auf die F\u00fcr_Sorge (um) und die Her\u00adstellung und Erhaltung von Lebewesen und deren Umwelten (wie Objekte, Infrastrukturen, andere Lebewesen etc.) abzielen. Gleichzeitig l\u00e4sst sich F\u00fcr_Sorge auch als (Lebens-)Haltung fassen, die auf vielf\u00e4ltige Art und Weise in Kontrast zu sozialer Verlassenheit und Aussetzung, also einem buchst\u00e4blichen Im-Stich-Lassen (vgl. Biehl 2005) steht.<\/div>\n<p>&nbsp;<\/p>\n<div class=\"\" style=\"text-align: justify;\"><\/div>\n<div class=\"\" style=\"text-align: justify;\">Am Institut wird sich zur Vorbereitung der Tagung eine Arbeitsgruppe konstituieren, die sich sehr \u00fcber Verst\u00e4rkung gerade auch aus dem Kreis der Studierenden und Doktorand*Innen freut. Interessierte melden sich bitte bei Franziska Klaas (<a>franziska.klaas@gmx.de<\/a>) oder Michi Knecht (<a>Knecht@uni-bremen.de<\/a>).<\/div>\n<p>&nbsp;<\/p>\n<div class=\"\" style=\"text-align: justify;\"><\/div>\n<div class=\"\" style=\"text-align: justify;\">Der <a href=\"http:\/\/naturenkulturen.de\/wp-content\/uploads\/2015\/06\/CfP_Politics-of-Care.pdf\">Call for Papers<\/a> ist bis Ende August offen.<\/div>","protected":false},"excerpt":{"rendered":"<p>Vom 25. &#8211; 27. Februar 2016 findet am Institut f\u00fcr Volkskunde und Kulturanthropologie der Universit\u00e4t Hamburg die Tagung \u201eThe Politics of Care. Politiken der F\u00fcr-Sorge &#8211; F\u00fcr_Sorge als Politik statt. In Kooperation mit dem Institut f\u00fcr Ethnologie und Kulturwissenschaft der Universit\u00e4t Bremen und der Sektion Frauen- und Geschlechtserforschung der dgv.<\/p>","protected":false},"author":5,"featured_media":0,"comment_status":"closed","ping_status":"open","sticky":false,"template":"","format":"standard","meta":{"footnotes":""},"categories":[53,1,43],"tags":[],"class_list":["post-355","post","type-post","status-publish","format-standard","hentry","category-53","category-allgemein","category-vergangenes"],"_links":{"self":[{"href":"http:\/\/naturenkulturen.de\/en\/wp-json\/wp\/v2\/posts\/355","targetHints":{"allow":["GET"]}}],"collection":[{"href":"http:\/\/naturenkulturen.de\/en\/wp-json\/wp\/v2\/posts"}],"about":[{"href":"http:\/\/naturenkulturen.de\/en\/wp-json\/wp\/v2\/types\/post"}],"author":[{"embeddable":true,"href":"http:\/\/naturenkulturen.de\/en\/wp-json\/wp\/v2\/users\/5"}],"replies":[{"embeddable":true,"href":"http:\/\/naturenkulturen.de\/en\/wp-json\/wp\/v2\/comments?post=355"}],"version-history":[{"count":6,"href":"http:\/\/naturenkulturen.de\/en\/wp-json\/wp\/v2\/posts\/355\/revisions"}],"predecessor-version":[{"id":498,"href":"http:\/\/naturenkulturen.de\/en\/wp-json\/wp\/v2\/posts\/355\/revisions\/498"}],"wp:attachment":[{"href":"http:\/\/naturenkulturen.de\/en\/wp-json\/wp\/v2\/media?parent=355"}],"wp:term":[{"taxonomy":"category","embeddable":true,"href":"http:\/\/naturenkulturen.de\/en\/wp-json\/wp\/v2\/categories?post=355"},{"taxonomy":"post_tag","embeddable":true,"href":"http:\/\/naturenkulturen.de\/en\/wp-json\/wp\/v2\/tags?post=355"}],"curies":[{"name":"wp","href":"https:\/\/api.w.org\/{rel}","templated":true}]}}