{"id":6,"date":"2015-03-30T12:53:48","date_gmt":"2015-03-30T12:53:48","guid":{"rendered":"http:\/\/naturenkulturen.de\/?page_id=6"},"modified":"2024-02-26T10:21:32","modified_gmt":"2024-02-26T09:21:32","slug":"lecture-series","status":"publish","type":"post","link":"http:\/\/naturenkulturen.de\/en\/lecture-series\/","title":{"rendered":"Past BNCL-Events"},"content":{"rendered":"<p style=\"text-align: justify;\"><strong>Neue Sichtweisen auf die Umwelt- und Wissenschaftsforschung an den Schnittstellen von Kultur und Natur<br \/>\n<\/strong><\/p>\n<p>Klimawandel, Bek\u00e4mpfung globaler Epidemien, \u00f6kologisch verantwortbares Wirtschaften: gesellschaftliche Problemstellungen von gro\u00dfer Dringlichkeit sind an den Schnittstellen von Kultur und Natur angesiedelt. Zur L\u00f6sung dieser Probleme werden h\u00e4ufig rein wissenschaftlich-technokratische Fakten ohne einen gesamtgesellschaftlichen Diskurs geschaffen. Deshalb sind umso dringender Denk- und Forschungsans\u00e4tze gefragt, die \u00fcber Disziplingrenzen hinweg neue Perspektiven auf Menschen, andere Lebewesen und ihre Umwelten ausloten und in ihren Verbindungen neu zu denken wagen.<\/p>\n<p><strong>Past Events\/Vergangene Veranstaltungen<\/strong><\/p>\n<p><a href=\"http:\/\/naturenkulturen.de\/en\/?page_id=1062\">Sommer Semester 2018<\/a><\/p>\n<p><a href=\"http:\/\/naturenkulturen.de\/en\/?page_id=1059\">Winter Semester 2017\/18<\/a><\/p>\n<p><a href=\"http:\/\/naturenkulturen.de\/en\/?page_id=972\">Sommer Semester 2017<\/a><\/p>\n<p><a href=\"http:\/\/naturenkulturen.de\/en\/?page_id=790\">Winter semester 2016\/17<\/a><\/p>\n<p><a href=\"http:\/\/naturenkulturen.de\/en\/?p=680\">Sommer semester 2016<\/a><\/p>\n<p><a href=\"http:\/\/naturenkulturen.de\/en\/?page_id=687\">Winter semester 2015\/16<\/a><\/p>\n<p><a href=\"http:\/\/naturenkulturen.de\/en\/?p=453\">NatureCultures Lecture Series Sommer semester 2015<\/a><\/p>\n<p><a href=\"http:\/\/naturenkulturen.de\/en\/?page_id=823\">NatureCultures Lectures Series Winter semester 2014\/15<\/a><\/p>\n<p><a href=\"http:\/\/naturenkulturen.de\/wp-content\/uploads\/2015\/03\/NK_Hammer_Algen_big-e1431442682565.jpg\"><img loading=\"lazy\" decoding=\"async\" class=\"alignnone size-full wp-image-151\" src=\"http:\/\/naturenkulturen.de\/wp-content\/uploads\/2015\/03\/NK_Hammer_Algen_big-e1431442682565.jpg\" alt=\"NK_Hammer_Algen_big\" width=\"6564\" height=\"2445\" srcset=\"http:\/\/naturenkulturen.de\/wp-content\/uploads\/2015\/03\/NK_Hammer_Algen_big-e1431442682565.jpg 6564w, http:\/\/naturenkulturen.de\/wp-content\/uploads\/2015\/03\/NK_Hammer_Algen_big-e1431442682565-300x112.jpg 300w, http:\/\/naturenkulturen.de\/wp-content\/uploads\/2015\/03\/NK_Hammer_Algen_big-e1431442682565-1024x381.jpg 1024w, http:\/\/naturenkulturen.de\/wp-content\/uploads\/2015\/03\/NK_Hammer_Algen_big-e1431442682565-624x232.jpg 624w\" sizes=\"auto, (max-width: 6564px) 100vw, 6564px\" \/><\/a><\/p>","protected":false},"excerpt":{"rendered":"<p>Neue Sichtweisen auf die Umwelt- und Wissenschaftsforschung an den Schnittstellen von Kultur und Natur Klimawandel, Bek\u00e4mpfung globaler Epidemien, \u00f6kologisch verantwortbares Wirtschaften: gesellschaftliche Problemstellungen von gro\u00dfer Dringlichkeit sind an den Schnittstellen von Kultur und Natur angesiedelt. Zur L\u00f6sung dieser Probleme werden h\u00e4ufig rein wissenschaftlich-technokratische Fakten ohne einen gesamtgesellschaftlichen Diskurs geschaffen. Deshalb sind umso dringender Denk- und [&hellip;]<\/p>","protected":false},"author":5,"featured_media":0,"comment_status":"closed","ping_status":"closed","sticky":false,"template":"","format":"standard","meta":{"footnotes":""},"categories":[],"tags":[],"class_list":["post-6","post","type-post","status-publish","format-standard","hentry"],"_links":{"self":[{"href":"http:\/\/naturenkulturen.de\/en\/wp-json\/wp\/v2\/posts\/6","targetHints":{"allow":["GET"]}}],"collection":[{"href":"http:\/\/naturenkulturen.de\/en\/wp-json\/wp\/v2\/posts"}],"about":[{"href":"http:\/\/naturenkulturen.de\/en\/wp-json\/wp\/v2\/types\/post"}],"author":[{"embeddable":true,"href":"http:\/\/naturenkulturen.de\/en\/wp-json\/wp\/v2\/users\/5"}],"replies":[{"embeddable":true,"href":"http:\/\/naturenkulturen.de\/en\/wp-json\/wp\/v2\/comments?post=6"}],"version-history":[{"count":60,"href":"http:\/\/naturenkulturen.de\/en\/wp-json\/wp\/v2\/posts\/6\/revisions"}],"predecessor-version":[{"id":1176,"href":"http:\/\/naturenkulturen.de\/en\/wp-json\/wp\/v2\/posts\/6\/revisions\/1176"}],"wp:attachment":[{"href":"http:\/\/naturenkulturen.de\/en\/wp-json\/wp\/v2\/media?parent=6"}],"wp:term":[{"taxonomy":"category","embeddable":true,"href":"http:\/\/naturenkulturen.de\/en\/wp-json\/wp\/v2\/categories?post=6"},{"taxonomy":"post_tag","embeddable":true,"href":"http:\/\/naturenkulturen.de\/en\/wp-json\/wp\/v2\/tags?post=6"}],"curies":[{"name":"wp","href":"https:\/\/api.w.org\/{rel}","templated":true}]}}